{"id":805,"date":"2022-11-30T20:00:00","date_gmt":"2022-11-30T19:00:00","guid":{"rendered":"https:\/\/zuzannamika.org\/?p=805"},"modified":"2023-06-09T18:30:39","modified_gmt":"2023-06-09T16:30:39","slug":"adventgesange-wiener-orgelkonzert","status":"publish","type":"post","link":"https:\/\/www.zuzannamika.org\/de\/adventgesange-wiener-orgelkonzert\/","title":{"rendered":"Adventges\u00e4nge | Wiener Orgelkonzert"},"content":{"rendered":"<p><strong>Wiener Orgelkonzert <\/strong><br>Pfarre Alservorstadt, Wien<\/p>\n\n\n\n<p><br><strong><em>Adventges\u00e4nge<\/em><\/strong><\/p>\n\n\n\n<p>Johann Sebastian Bach (1685-1750)<\/p>\n\n\n\n<p>Aus den Leipziger Chor\u00e4len:&nbsp;<\/p>\n\n\n\n<p>Nun komm der Heiden Heiland BWV 659<\/p>\n\n\n\n<p>Trio super Nun komm der Heiden Heiland BWV 660<\/p>\n\n\n\n<p>Nun komm der Heiden Heiland In Organo pleno BWV 661<\/p>\n\n\n\n<p>Martin Haselb\u00f6ck (*1954), Es kommt ein Schiff, geladen &#8211; Vier Strophen f\u00fcr Orgel (1972) <em>Urauff\u00fchrung<\/em><\/p>\n\n\n\n<p>Marian Sawa (1937-2005), Polnische Pr\u00e4ludien f\u00fcr Advent (2002)<\/p>\n\n\n\n<p>Wolfram Wagner (*1962), Rorate caeli &#8211; Fantasie f\u00fcr Orgel \u00fcber eine gregorianische Melodie (2022)\u00a0<em>Urauff\u00fchrung<\/em><\/p>\n\n\n\n<p>|Zuzanna Mika, Orgel<\/p>\n\n\n\n<p>Anton Heiller (1923-1979), Zwei geistliche Ges\u00e4nge &#8211; f\u00fcr Sopran und Orgel (1957)<\/p>\n\n\n\n<ol><li>Optavi<\/li><li>Gaudete<\/li><\/ol>\n\n\n\n<p>| Zuzanna Mika, Sopran | Sophie Magnanini, Orgel<\/p>\n\n\n\n<figure class=\"wp-block-image size-large\"><img loading=\"lazy\" decoding=\"async\" width=\"742\" height=\"1024\" src=\"https:\/\/zuzannamika.org\/wp-content\/uploads\/2023\/01\/7D10B2BC-012C-4AD3-A3D3-4A2AEC8F42CE-742x1024.jpeg\" alt=\"\" class=\"wp-image-806\" srcset=\"https:\/\/www.zuzannamika.org\/wp-content\/uploads\/2023\/01\/7D10B2BC-012C-4AD3-A3D3-4A2AEC8F42CE-742x1024.jpeg 742w, https:\/\/www.zuzannamika.org\/wp-content\/uploads\/2023\/01\/7D10B2BC-012C-4AD3-A3D3-4A2AEC8F42CE-217x300.jpeg 217w, https:\/\/www.zuzannamika.org\/wp-content\/uploads\/2023\/01\/7D10B2BC-012C-4AD3-A3D3-4A2AEC8F42CE-768x1060.jpeg 768w, https:\/\/www.zuzannamika.org\/wp-content\/uploads\/2023\/01\/7D10B2BC-012C-4AD3-A3D3-4A2AEC8F42CE-9x12.jpeg 9w, https:\/\/www.zuzannamika.org\/wp-content\/uploads\/2023\/01\/7D10B2BC-012C-4AD3-A3D3-4A2AEC8F42CE.jpeg 828w\" sizes=\"(max-width: 742px) 100vw, 742px\" \/><\/figure>","protected":false},"excerpt":{"rendered":"<p>Wiener Orgelkonzert Pfarre Alservorstadt, Wien Adventges\u00e4nge Johann Sebastian Bach (1685-1750) Aus den Leipziger Chor\u00e4len:&nbsp; Nun komm der Heiden Heiland BWV<\/p>\n<p><a href=\"https:\/\/www.zuzannamika.org\/de\/adventgesange-wiener-orgelkonzert\/\" class=\"more-link\">Continue reading<span class=\"screen-reader-text\">Adventges\u00e4nge | Wiener Orgelkonzert<\/span><\/a><\/p>","protected":false},"author":1,"featured_media":806,"comment_status":"closed","ping_status":"open","sticky":true,"template":"","format":"standard","meta":{"footnotes":""},"categories":[19],"tags":[],"_links":{"self":[{"href":"https:\/\/www.zuzannamika.org\/de\/wp-json\/wp\/v2\/posts\/805"}],"collection":[{"href":"https:\/\/www.zuzannamika.org\/de\/wp-json\/wp\/v2\/posts"}],"about":[{"href":"https:\/\/www.zuzannamika.org\/de\/wp-json\/wp\/v2\/types\/post"}],"author":[{"embeddable":true,"href":"https:\/\/www.zuzannamika.org\/de\/wp-json\/wp\/v2\/users\/1"}],"replies":[{"embeddable":true,"href":"https:\/\/www.zuzannamika.org\/de\/wp-json\/wp\/v2\/comments?post=805"}],"version-history":[{"count":3,"href":"https:\/\/www.zuzannamika.org\/de\/wp-json\/wp\/v2\/posts\/805\/revisions"}],"predecessor-version":[{"id":851,"href":"https:\/\/www.zuzannamika.org\/de\/wp-json\/wp\/v2\/posts\/805\/revisions\/851"}],"wp:featuredmedia":[{"embeddable":true,"href":"https:\/\/www.zuzannamika.org\/de\/wp-json\/wp\/v2\/media\/806"}],"wp:attachment":[{"href":"https:\/\/www.zuzannamika.org\/de\/wp-json\/wp\/v2\/media?parent=805"}],"wp:term":[{"taxonomy":"category","embeddable":true,"href":"https:\/\/www.zuzannamika.org\/de\/wp-json\/wp\/v2\/categories?post=805"},{"taxonomy":"post_tag","embeddable":true,"href":"https:\/\/www.zuzannamika.org\/de\/wp-json\/wp\/v2\/tags?post=805"}],"curies":[{"name":"wp","href":"https:\/\/api.w.org\/{rel}","templated":true}]}}